{"id":4204,"date":"2022-12-11T15:48:54","date_gmt":"2022-12-11T15:48:54","guid":{"rendered":"https:\/\/www.thecutbarcelona.com\/?p=4204"},"modified":"2022-12-11T16:09:04","modified_gmt":"2022-12-11T16:09:04","slug":"evenements-majeurs-dans-le-monde-du-cannabis","status":"publish","type":"post","link":"https:\/\/www.thecutbarcelona.com\/fr\/eventos-mas-importantes-en-el-mundo-del-cannabis\/","title":{"rendered":"Principaux \u00e9v\u00e9nements dans le monde du cannabis"},"content":{"rendered":"<p>\u00c0 mesure que la production, la consommation et la commercialisation du cannabis sont d\u00e9p\u00e9nalis\u00e9es et deviennent l\u00e9gales, de plus en plus de foires, d'\u00e9v\u00e9nements, de conf\u00e9rences, d'expositions et de congr\u00e8s sont organis\u00e9s autour de cette plante et de ses d\u00e9riv\u00e9s.<\/p>\n<p>Les objectifs de cette intense activit\u00e9 autour du cannabis vont du changement de l'image du cannabis en tant que produit totalement r\u00e9cr\u00e9atif \u00e0 l'\u00e9change d'informations sur les progr\u00e8s r\u00e9alis\u00e9s dans le d\u00e9veloppement des vari\u00e9t\u00e9s, de la culture, des technologies et des formes d'industrialisation et de commercialisation de ce produit.<!--more--><\/p>\n<p>Le calendrier des festivals, r\u00e9unions et conf\u00e9rences sur le cannabis ne cesse de s'\u00e9toffer chaque ann\u00e9e, c'est pourquoi nous ne mentionnerons dans cet article que quelques-uns des plus importants.<\/p>\n<div id=\"ez-toc-container\" class=\"ez-toc-v2_0_82_2 counter-hierarchy ez-toc-counter ez-toc-grey ez-toc-container-direction\">\n<div class=\"ez-toc-title-container\">\n<p class=\"ez-toc-title\" style=\"cursor:inherit\">Table des mati\u00e8res<\/p>\n<span class=\"ez-toc-title-toggle\"><a href=\"#\" class=\"ez-toc-pull-right ez-toc-btn ez-toc-btn-xs ez-toc-btn-default ez-toc-toggle\" aria-label=\"Table des mati\u00e8res\"><span class=\"ez-toc-js-icon-con\"><span class=\"\"><span class=\"eztoc-hide\" style=\"display:none;\">Toggle<\/span><span class=\"ez-toc-icon-toggle-span\"><svg style=\"fill: #999;color:#999\" xmlns=\"http:\/\/www.w3.org\/2000\/svg\" class=\"list-377408\" width=\"20px\" height=\"20px\" viewbox=\"0 0 24 24\" fill=\"none\"><path d=\"M6 6H4v2h2V6zm14 0H8v2h12V6zM4 11h2v2H4v-2zm16 0H8v2h12v-2zM4 16h2v2H4v-2zm16 0H8v2h12v-2z\" fill=\"currentColor\"><\/path><\/svg><svg style=\"fill: #999;color:#999\" class=\"arrow-unsorted-368013\" xmlns=\"http:\/\/www.w3.org\/2000\/svg\" width=\"10px\" height=\"10px\" viewbox=\"0 0 24 24\" version=\"1.2\" baseprofile=\"tiny\"><path d=\"M18.2 9.3l-6.2-6.3-6.2 6.3c-.2.2-.3.4-.3.7s.1.5.3.7c.2.2.4.3.7.3h11c.3 0 .5-.1.7-.3.2-.2.3-.5.3-.7s-.1-.5-.3-.7zM5.8 14.7l6.2 6.3 6.2-6.3c.2-.2.3-.5.3-.7s-.1-.5-.3-.7c-.2-.2-.4-.3-.7-.3h-11c-.3 0-.5.1-.7.3-.2.2-.3.5-.3.7s.1.5.3.7z\"\/><\/svg><\/span><\/span><\/span><\/a><\/span><\/div>\n<nav><ul class='ez-toc-list ez-toc-list-level-1' ><li class='ez-toc-page-1 ez-toc-heading-level-2'><a class=\"ez-toc-link ez-toc-heading-1\" href=\"https:\/\/www.thecutbarcelona.com\/fr\/eventos-mas-importantes-en-el-mundo-del-cannabis\/#Conferencias_virtuales\" >Conf\u00e9rences virtuelles<\/a><ul class='ez-toc-list-level-3' ><li class='ez-toc-heading-level-3'><a class=\"ez-toc-link ez-toc-heading-2\" href=\"https:\/\/www.thecutbarcelona.com\/fr\/eventos-mas-importantes-en-el-mundo-del-cannabis\/#Conferencias_y_eventos_virtuales\" >Conf\u00e9rences et \u00e9v\u00e9nements virtuels<\/a><\/li><\/ul><\/li><li class='ez-toc-page-1 ez-toc-heading-level-2'><a class=\"ez-toc-link ez-toc-heading-3\" href=\"https:\/\/www.thecutbarcelona.com\/fr\/eventos-mas-importantes-en-el-mundo-del-cannabis\/#Festivales_y_eventos_internacionales\" >Festivals et \u00e9v\u00e9nements internationaux<\/a><ul class='ez-toc-list-level-3' ><li class='ez-toc-heading-level-3'><a class=\"ez-toc-link ez-toc-heading-4\" href=\"https:\/\/www.thecutbarcelona.com\/fr\/eventos-mas-importantes-en-el-mundo-del-cannabis\/#Amsterdam_Cannabis_Expo_24_al_26_de_noviembre\" >Expo cannabis d'Amsterdam (24-26 novembre)<\/a><\/li><li class='ez-toc-page-1 ez-toc-heading-level-3'><a class=\"ez-toc-link ez-toc-heading-5\" href=\"https:\/\/www.thecutbarcelona.com\/fr\/eventos-mas-importantes-en-el-mundo-del-cannabis\/#Expocannabis_Uruguay_2_al_4_de_diciembre_de_2022\" >Expocannabis Uruguay (2 - 4 d\u00e9cembre 2022)<\/a><\/li><li class='ez-toc-page-1 ez-toc-heading-level-3'><a class=\"ez-toc-link ez-toc-heading-6\" href=\"https:\/\/www.thecutbarcelona.com\/fr\/eventos-mas-importantes-en-el-mundo-del-cannabis\/#Spannabis_10_al_12_de_marzo_de_2023\" >Spannabis (10 au 12 mars 2023)<\/a><\/li><li class='ez-toc-page-1 ez-toc-heading-level-3'><a class=\"ez-toc-link ez-toc-heading-7\" href=\"https:\/\/www.thecutbarcelona.com\/fr\/eventos-mas-importantes-en-el-mundo-del-cannabis\/#Asian_Hemp_Summit\" >Sommet asiatique du chanvre<\/a><\/li><li class='ez-toc-page-1 ez-toc-heading-level-3'><a class=\"ez-toc-link ez-toc-heading-8\" href=\"https:\/\/www.thecutbarcelona.com\/fr\/eventos-mas-importantes-en-el-mundo-del-cannabis\/#Future_Cannabis_Strategies_Europe_25_y_26_de_enero_de_2023\" >Future Cannabis Strategies Europe (25-26 janvier 2023)<\/a><\/li><\/ul><\/li><\/ul><\/nav><\/div>\n<h2><span class=\"ez-toc-section\" id=\"Conferencias_virtuales\"><\/span>Conf\u00e9rences virtuelles<span class=\"ez-toc-section-end\"><\/span><\/h2>\n<p>La pand\u00e9mie de Covid-19 qui a s\u00e9vi en 2020 et pendant la majeure partie de l'ann\u00e9e 2021 (certains pensent qu'elle n'est pas termin\u00e9e) a stimul\u00e9 la croissance et la consolidation des rencontres, <a href=\"https:\/\/elplanteo.com\/la-lista-completa-de-conferencias-y-exposiciones-de-cannabis-de-2021\/\" target=\"_blank\" rel=\"noopener\">expositions et conf\u00e9rences<\/a> sous forme virtuelle.<\/p>\n<p>Cette modalit\u00e9 est probablement d\u00e9j\u00e0 combin\u00e9e avec les foires et les r\u00e9unions en face \u00e0 face, qui sont redevenues possibles dans le courant de l'ann\u00e9e 2021.<\/p>\n<h3><span class=\"ez-toc-section\" id=\"Conferencias_y_eventos_virtuales\"><\/span>Conf\u00e9rences et \u00e9v\u00e9nements virtuels<span class=\"ez-toc-section-end\"><\/span><\/h3>\n<p>Parmi les grandes conf\u00e9rences et les \u00e9v\u00e9nements de mise en r\u00e9seau virtuelle, citons<\/p>\n<ul>\n<li>L'exposition virtuelle \"Cannabis Meets Healthcare\", organis\u00e9e par CannaOne Nation.<\/li>\n<li>La Benzinga Cannabis Capital Conference, organis\u00e9e par Benzinga.<\/li>\n<li>La Royal Cannabis Entrepreneur Conference, organis\u00e9e par la RCEC.<\/li>\n<li>La conf\u00e9rence ACannabis EVOLVE : Lib\u00e9rer le potentiel du cannabis m\u00e9dicinal, organis\u00e9 par MCIA.<\/li>\n<li>Expo Cannabiz Cartagena, organis\u00e9e par Expo Cannabis.<\/li>\n<li>Cannabis Care, organis\u00e9e par l'American Cannabis Nurse Association.<\/li>\n<\/ul>\n<h2><span class=\"ez-toc-section\" id=\"Festivales_y_eventos_internacionales\"><\/span>Festivals et \u00e9v\u00e9nements internationaux<span class=\"ez-toc-section-end\"><\/span><\/h2>\n<p>Voici quelques-uns des principaux \u00e9v\u00e9nements li\u00e9s au cannabis qui se d\u00e9rouleront en face-\u00e0-face pendant le reste de l'ann\u00e9e 2022 et au cours de l'ann\u00e9e 2023.<\/p>\n<h3><span class=\"ez-toc-section\" id=\"Amsterdam_Cannabis_Expo_24_al_26_de_noviembre\"><\/span>Expo cannabis d'Amsterdam (24-26 novembre)<span class=\"ez-toc-section-end\"><\/span><\/h3>\n<p><a href=\"https:\/\/www.feriasinfo.es\/Amsterdam+Cannabis+Expo-M13637\/%C3%81msterdam.html\" target=\"_blank\" rel=\"noopener\">Expo Amsterdam<\/a> est l'un des plus grands \u00e9v\u00e9nements mondiaux pour la communaut\u00e9 du cannabis, r\u00e9unissant plus de 10 000 professionnels de l'industrie de plus d'une centaine de pays pour discuter et \u00e9changer des opinions, s'informer sur les avanc\u00e9es en mati\u00e8re de culture, de technologies et de processus du cannabis.<\/p>\n<p>Pendant trois jours, Amsterdam devient la capitale de l'univers du cannabis, et c'est un excellent endroit et un bon moment pour se faire conna\u00eetre et \u00e9tablir des contacts avec des entrepreneurs et des march\u00e9s. Le salon est r\u00e9serv\u00e9 aux visiteurs professionnels.<\/p>\n<h3><span class=\"ez-toc-section\" id=\"Expocannabis_Uruguay_2_al_4_de_diciembre_de_2022\"><\/span>Expocannabis Uruguay (2 - 4 d\u00e9cembre 2022)<span class=\"ez-toc-section-end\"><\/span><\/h3>\n<p>Les <a href=\"https:\/\/twitter.com\/expocannabisuy?ref_src=twsrc%5Egoogle%7Ctwcamp%5Eserp%7Ctwgr%5Eauthor\" target=\"_blank\" rel=\"noopener\">Expocannabis Uruguay<\/a> se tient au Latus Events Centre de Montevideo et constitue l'une des plus importantes plateformes de chanvre et de cannabis d'Am\u00e9rique latine.<\/p>\n<h3><span class=\"ez-toc-section\" id=\"Spannabis_10_al_12_de_marzo_de_2023\"><\/span>Spannabis (10 au 12 mars 2023)<span class=\"ez-toc-section-end\"><\/span><\/h3>\n<p>Il y a trois jours de <a href=\"https:\/\/spannabis.es\/bcn\/\" target=\"_blank\" rel=\"noopener\">Foire de Barcelone<\/a> (Espagne), o\u00f9 vous pourrez visiter des expositions, des stands, participer \u00e0 des forums et des conf\u00e9rences. Vous pourrez \u00e9galement discuter et \u00e9changer des id\u00e9es avec des professionnels et nouer des contacts d'affaires.<\/p>\n<p>280 exposants internationaux et 3 900 professionnels invit\u00e9s y participent. Spannabis se tient \u00e0 la Fira de Cornell\u00e0, \u00e0 Cornell\u00e0 de Llobregat, Barcelone.<\/p>\n<h3><span class=\"ez-toc-section\" id=\"Asian_Hemp_Summit\"><\/span>Sommet asiatique du chanvre<span class=\"ez-toc-section-end\"><\/span><\/h3>\n<p>Cet \u00e9v\u00e9nement a lieu \u00e0 Katmandou, au N\u00e9pal, et \u00e9tait pr\u00e9vu pour janvier 2022, bien qu'il semble avoir \u00e9t\u00e9 report\u00e9. Il est consid\u00e9r\u00e9 comme le sommet du cannabis le plus exotique et constitue \u00e9galement l'une des principales portes d'entr\u00e9e sur le march\u00e9 asiatique.<\/p>\n<p>Dans le cadre de la <a href=\"https:\/\/hemptoday.net\/events\/asian-hemp-summit\/\" target=\"_blank\" rel=\"noopener\">Sommet du chanvre d'Assian<\/a> des contacts peuvent \u00eatre \u00e9tablis avec des professionnels en Inde, au Japon, en Chine, au N\u00e9pal, en Tha\u00eflande, en Australie, \u00e0 Ta\u00efwan, en Malaisie, en Cor\u00e9e du Sud, au Sri Lanka, etc.<\/p>\n<h3><span class=\"ez-toc-section\" id=\"Future_Cannabis_Strategies_Europe_25_y_26_de_enero_de_2023\"><\/span>Future Cannabis Strategies Europe (25-26 janvier 2023)<span class=\"ez-toc-section-end\"><\/span><\/h3>\n<p><a href=\"https:\/\/www.arena-international.com\/cannabis\/\" target=\"_blank\" rel=\"noopener\">Strat\u00e9gies futures pour le cannabis en Europe<\/a> est un \u00e9v\u00e9nement destin\u00e9 aux entrepreneurs et aux professionnels de Londres pour discuter des tendances et des strat\u00e9gies commerciales autour de diff\u00e9rents projets li\u00e9s au cannabis.<\/p>\n<hr \/>\n<p>De notre <a href=\"https:\/\/www.thecutbarcelona.com\/fr\/\">Association du cannabis \u00e0 Barcelone<\/a>Nous participons activement aux \u00e9v\u00e9nements et aux foires li\u00e9s au monde du cannabis. Vous trouverez beaucoup plus d'informations en vous adressant \u00e0 l'un de nos collaborateurs dans nos installations. Nous nous r\u00e9jouissons de vous voir, mais n'oubliez pas que vous devez \u00eatre membre pour y acc\u00e9der. <a href=\"https:\/\/www.thecutbarcelona.com\/fr\/devenir-membre\/\">Voici comment devenir membre de The Cut Barcelona<\/a>.<\/p>","protected":false},"excerpt":{"rendered":"<p>A medida que se despenaliza y se vuelve legal la producci\u00f3n, el consumo y comercializaci\u00f3n del cannabis, se van sumando ferias, eventos, conferencias, exposiciones y congresos en torno a esta planta y sus derivados. Los objetivos de esta intensa actividad en torno al cannabis van desde cambiar la imagen del cannabis como un producto totalmente [&hellip;]<\/p>\n","protected":false},"author":4,"featured_media":4205,"comment_status":"open","ping_status":"open","sticky":false,"template":"","format":"standard","meta":{"_joinchat":[],"footnotes":""},"categories":[1],"tags":[],"class_list":["post-4204","post","type-post","status-publish","format-standard","has-post-thumbnail","hentry","category-novedades-tendencias"],"_links":{"self":[{"href":"https:\/\/www.thecutbarcelona.com\/fr\/wp-json\/wp\/v2\/posts\/4204","targetHints":{"allow":["GET"]}}],"collection":[{"href":"https:\/\/www.thecutbarcelona.com\/fr\/wp-json\/wp\/v2\/posts"}],"about":[{"href":"https:\/\/www.thecutbarcelona.com\/fr\/wp-json\/wp\/v2\/types\/post"}],"author":[{"embeddable":true,"href":"https:\/\/www.thecutbarcelona.com\/fr\/wp-json\/wp\/v2\/users\/4"}],"replies":[{"embeddable":true,"href":"https:\/\/www.thecutbarcelona.com\/fr\/wp-json\/wp\/v2\/comments?post=4204"}],"version-history":[{"count":0,"href":"https:\/\/www.thecutbarcelona.com\/fr\/wp-json\/wp\/v2\/posts\/4204\/revisions"}],"wp:featuredmedia":[{"embeddable":true,"href":"https:\/\/www.thecutbarcelona.com\/fr\/wp-json\/wp\/v2\/media\/4205"}],"wp:attachment":[{"href":"https:\/\/www.thecutbarcelona.com\/fr\/wp-json\/wp\/v2\/media?parent=4204"}],"wp:term":[{"taxonomy":"category","embeddable":true,"href":"https:\/\/www.thecutbarcelona.com\/fr\/wp-json\/wp\/v2\/categories?post=4204"},{"taxonomy":"post_tag","embeddable":true,"href":"https:\/\/www.thecutbarcelona.com\/fr\/wp-json\/wp\/v2\/tags?post=4204"}],"curies":[{"name":"wp","href":"https:\/\/api.w.org\/{rel}","templated":true}]}}